{"id":4023,"date":"2024-11-07T10:56:29","date_gmt":"2024-11-07T09:56:29","guid":{"rendered":"http:\/\/www.cfccp.net\/?p=4023"},"modified":"2024-11-08T11:31:40","modified_gmt":"2024-11-08T10:31:40","slug":"deces-dalain-debarbouille","status":"publish","type":"post","link":"https:\/\/www.cfccp.net\/index.php\/2024\/11\/07\/deces-dalain-debarbouille\/","title":{"rendered":"D\u00e9c\u00e8s de Jacques Guieux et d&rsquo;Alain Debarbouill\u00e9"},"content":{"rendered":"\n<p>Le Cercle a perdu successivement deux de ses piliers. <\/p>\n\n\n\n<p>Jacques Guieux est d\u00e9c\u00e9d\u00e9 le 6 octobre dernier. Jacques s&rsquo;\u00e9tait \u00e9loign\u00e9 progressivement des instances du Cercle mais il en restait un adh\u00e9rent fid\u00e8le. Il avait particip\u00e9 activement \u00e0 la \u00ab\u00a0Re-Naissance\u00a0\u00bb du CFCCP en 1998, comme secr\u00e9taire et tr\u00e9sorier, sous la pr\u00e9sidence de Serge Zeyons. Il avait install\u00e9 la vente \u00e0 prix net trimestrielle coupl\u00e9e au Cartophile. Chacun le voyait annoter scrupuleusement les enveloppes lors des s\u00e9ances de dispersion. Personnellement, il appr\u00e9ciait les illustrateurs, et surtout les cartes viennoises, sans n\u00e9gliger une passion pour les cartes sur le th\u00e8me des champignons. <\/p>\n\n\n\n<p>Il \u00e9tait aussi adh\u00e9rent du club d&rsquo;Ozoir-la-Ferri\u00e8re, et il a cr\u00e9\u00e9 le Club Cartophile d&rsquo;Air France qu&rsquo;il a anim\u00e9 avec ardeur jusqu&rsquo;\u00e0 sa retraite professionnelle.<\/p>\n\n\n\n<p>Nos affectueuses pens\u00e9es vont \u00e0 son \u00e9pouse Claudie.<\/p>\n\n\n\n<div class=\"wp-block-image\"><figure class=\"aligncenter size-full is-resized\"><img loading=\"lazy\" src=\"http:\/\/www.cfccp.net\/wp-content\/uploads\/2024\/11\/462321179_10160927580808165_3438660531977345384_n.jpg\" alt=\"\" class=\"wp-image-4026\" width=\"276\" height=\"257\" srcset=\"https:\/\/www.cfccp.net\/wp-content\/uploads\/2024\/11\/462321179_10160927580808165_3438660531977345384_n.jpg 552w, https:\/\/www.cfccp.net\/wp-content\/uploads\/2024\/11\/462321179_10160927580808165_3438660531977345384_n-300x279.jpg 300w\" sizes=\"(max-width: 276px) 100vw, 276px\" \/><\/figure><\/div>\n\n\n\n<p>Nous venons d&rsquo;apprendre le d\u00e9c\u00e8s le 5 novembre d&rsquo;Alain Debarbouill\u00e9, fid\u00e8le du Cercle et membre actif de son conseil d&rsquo;Administration. Avec son \u00e9pouse Mich\u00e8le, il avait pris en mains les op\u00e9rations d&rsquo;exp\u00e9dition du bulletin Le Cartophile. Il glissait dans les enveloppes certaines de ses cartes modernes, en clin d&rsquo;oeil aux th\u00e8mes des adh\u00e9rents.  Tous deux ont aussi organis\u00e9 de nombreux \u00e9v\u00e9nements associatifs, notamment les repas annuels. Nous garderons d&rsquo;Alain le souvenir d&rsquo;un homme pos\u00e9 et bienveillant, modeste dans son r\u00f4le pour le bien du Cercle.<\/p>\n\n\n\n<p>Enfin nous rappellerons son attachement \u00e0 la ville de Berck dont il \u00e9tait un collectionneur \u00e9rudit.<\/p>\n\n\n\n<p>Nous assurons son \u00e9pouse Mich\u00e8le de tout notre soutien.<\/p>\n\n\n\n<div class=\"wp-block-image\"><figure class=\"aligncenter size-full\"><img loading=\"lazy\" width=\"324\" height=\"309\" src=\"http:\/\/www.cfccp.net\/wp-content\/uploads\/2024\/11\/465788772_10161015840288165_5470195344921481039_n.jpg\" alt=\"\" class=\"wp-image-4027\" srcset=\"https:\/\/www.cfccp.net\/wp-content\/uploads\/2024\/11\/465788772_10161015840288165_5470195344921481039_n.jpg 324w, https:\/\/www.cfccp.net\/wp-content\/uploads\/2024\/11\/465788772_10161015840288165_5470195344921481039_n-300x286.jpg 300w\" sizes=\"(max-width: 324px) 100vw, 324px\" \/><\/figure><\/div>\n\n\n\n<p>Le prochain Cartophile leur consacrera une s\u00e9rie de t\u00e9moignages.<\/p>\n\n\n\n<p>J.L.<\/p>\n","protected":false},"excerpt":{"rendered":"<p>Le Cercle a perdu successivement deux de ses piliers. Jacques Guieux est d\u00e9c\u00e9d\u00e9 le 6 octobre dernier. Jacques s&rsquo;\u00e9tait \u00e9loign\u00e9&hellip;<\/p>\n","protected":false},"author":4,"featured_media":0,"comment_status":"closed","ping_status":"closed","sticky":false,"template":"","format":"standard","meta":[],"categories":[18],"tags":[],"_links":{"self":[{"href":"https:\/\/www.cfccp.net\/index.php\/wp-json\/wp\/v2\/posts\/4023"}],"collection":[{"href":"https:\/\/www.cfccp.net\/index.php\/wp-json\/wp\/v2\/posts"}],"about":[{"href":"https:\/\/www.cfccp.net\/index.php\/wp-json\/wp\/v2\/types\/post"}],"author":[{"embeddable":true,"href":"https:\/\/www.cfccp.net\/index.php\/wp-json\/wp\/v2\/users\/4"}],"replies":[{"embeddable":true,"href":"https:\/\/www.cfccp.net\/index.php\/wp-json\/wp\/v2\/comments?post=4023"}],"version-history":[{"count":6,"href":"https:\/\/www.cfccp.net\/index.php\/wp-json\/wp\/v2\/posts\/4023\/revisions"}],"predecessor-version":[{"id":4033,"href":"https:\/\/www.cfccp.net\/index.php\/wp-json\/wp\/v2\/posts\/4023\/revisions\/4033"}],"wp:attachment":[{"href":"https:\/\/www.cfccp.net\/index.php\/wp-json\/wp\/v2\/media?parent=4023"}],"wp:term":[{"taxonomy":"category","embeddable":true,"href":"https:\/\/www.cfccp.net\/index.php\/wp-json\/wp\/v2\/categories?post=4023"},{"taxonomy":"post_tag","embeddable":true,"href":"https:\/\/www.cfccp.net\/index.php\/wp-json\/wp\/v2\/tags?post=4023"}],"curies":[{"name":"wp","href":"https:\/\/api.w.org\/{rel}","templated":true}]}}