{"id":3928,"date":"2024-06-27T11:13:35","date_gmt":"2024-06-27T09:13:35","guid":{"rendered":"http:\/\/www.cfccp.net\/?p=3928"},"modified":"2024-09-14T08:45:14","modified_gmt":"2024-09-14T06:45:14","slug":"forum-des-associations-le-14-septembre-a-la-mairie-du-15eme","status":"publish","type":"post","link":"https:\/\/www.cfccp.net\/index.php\/2024\/06\/27\/forum-des-associations-le-14-septembre-a-la-mairie-du-15eme\/","title":{"rendered":"Forum des Associations le 14 septembre \u00e0 la Mairie du 15\u00e8me"},"content":{"rendered":"\n<p>Nous serons au Forum des Associations 2024 organis\u00e9 par la Mairie de Paris 15\u00e8me, <\/p>\n\n\n\n<p>Comme les ann\u00e9es derni\u00e8res, nous devrions \u00eatre dans une des all\u00e9es du square Ch\u00e9rioux, non loin de la sortie du m\u00e9tro Vaugirard.<\/p>\n\n\n\n<p>Samedi 14 septembre 10 h &#8211; 18 h<\/p>\n\n\n\n<div class=\"wp-block-image\"><figure class=\"aligncenter size-full\"><img loading=\"lazy\" width=\"786\" height=\"502\" src=\"http:\/\/www.cfccp.net\/wp-content\/uploads\/2023\/09\/sq_vaug2.jpg\" alt=\"\" class=\"wp-image-3775\" srcset=\"https:\/\/www.cfccp.net\/wp-content\/uploads\/2023\/09\/sq_vaug2.jpg 786w, https:\/\/www.cfccp.net\/wp-content\/uploads\/2023\/09\/sq_vaug2-300x192.jpg 300w, https:\/\/www.cfccp.net\/wp-content\/uploads\/2023\/09\/sq_vaug2-768x491.jpg 768w, https:\/\/www.cfccp.net\/wp-content\/uploads\/2023\/09\/sq_vaug2-600x383.jpg 600w\" sizes=\"(max-width: 786px) 100vw, 786px\" \/><\/figure><\/div>\n\n\n\n<div class=\"wp-block-image\"><figure class=\"aligncenter size-large\"><img loading=\"lazy\" width=\"1024\" height=\"768\" src=\"http:\/\/www.cfccp.net\/wp-content\/uploads\/2023\/09\/le-square-et-une-statue-1024x768.jpg\" alt=\"\" class=\"wp-image-3773\" srcset=\"https:\/\/www.cfccp.net\/wp-content\/uploads\/2023\/09\/le-square-et-une-statue-1024x768.jpg 1024w, https:\/\/www.cfccp.net\/wp-content\/uploads\/2023\/09\/le-square-et-une-statue-300x225.jpg 300w, https:\/\/www.cfccp.net\/wp-content\/uploads\/2023\/09\/le-square-et-une-statue-768x576.jpg 768w, https:\/\/www.cfccp.net\/wp-content\/uploads\/2023\/09\/le-square-et-une-statue-600x450.jpg 600w, https:\/\/www.cfccp.net\/wp-content\/uploads\/2023\/09\/le-square-et-une-statue.jpg 1200w\" sizes=\"(max-width: 1024px) 100vw, 1024px\" \/><\/figure><\/div>\n\n\n\n<div class=\"wp-block-image\"><figure class=\"aligncenter size-full\"><img loading=\"lazy\" width=\"700\" height=\"447\" src=\"http:\/\/www.cfccp.net\/wp-content\/uploads\/2023\/09\/sq_vaug1.jpg\" alt=\"\" class=\"wp-image-3774\" srcset=\"https:\/\/www.cfccp.net\/wp-content\/uploads\/2023\/09\/sq_vaug1.jpg 700w, https:\/\/www.cfccp.net\/wp-content\/uploads\/2023\/09\/sq_vaug1-300x192.jpg 300w, https:\/\/www.cfccp.net\/wp-content\/uploads\/2023\/09\/sq_vaug1-600x383.jpg 600w\" sizes=\"(max-width: 700px) 100vw, 700px\" \/><\/figure><\/div>\n","protected":false},"excerpt":{"rendered":"<p>Nous serons au Forum des Associations 2024 organis\u00e9 par la Mairie de Paris 15\u00e8me, Comme les ann\u00e9es derni\u00e8res, nous devrions&hellip;<\/p>\n","protected":false},"author":4,"featured_media":0,"comment_status":"closed","ping_status":"closed","sticky":false,"template":"","format":"standard","meta":[],"categories":[1],"tags":[],"_links":{"self":[{"href":"https:\/\/www.cfccp.net\/index.php\/wp-json\/wp\/v2\/posts\/3928"}],"collection":[{"href":"https:\/\/www.cfccp.net\/index.php\/wp-json\/wp\/v2\/posts"}],"about":[{"href":"https:\/\/www.cfccp.net\/index.php\/wp-json\/wp\/v2\/types\/post"}],"author":[{"embeddable":true,"href":"https:\/\/www.cfccp.net\/index.php\/wp-json\/wp\/v2\/users\/4"}],"replies":[{"embeddable":true,"href":"https:\/\/www.cfccp.net\/index.php\/wp-json\/wp\/v2\/comments?post=3928"}],"version-history":[{"count":2,"href":"https:\/\/www.cfccp.net\/index.php\/wp-json\/wp\/v2\/posts\/3928\/revisions"}],"predecessor-version":[{"id":3989,"href":"https:\/\/www.cfccp.net\/index.php\/wp-json\/wp\/v2\/posts\/3928\/revisions\/3989"}],"wp:attachment":[{"href":"https:\/\/www.cfccp.net\/index.php\/wp-json\/wp\/v2\/media?parent=3928"}],"wp:term":[{"taxonomy":"category","embeddable":true,"href":"https:\/\/www.cfccp.net\/index.php\/wp-json\/wp\/v2\/categories?post=3928"},{"taxonomy":"post_tag","embeddable":true,"href":"https:\/\/www.cfccp.net\/index.php\/wp-json\/wp\/v2\/tags?post=3928"}],"curies":[{"name":"wp","href":"https:\/\/api.w.org\/{rel}","templated":true}]}}