{"id":3820,"date":"2023-12-23T13:10:35","date_gmt":"2023-12-23T12:10:35","guid":{"rendered":"http:\/\/www.cfccp.net\/?p=3820"},"modified":"2024-01-13T10:23:51","modified_gmt":"2024-01-13T09:23:51","slug":"visite-du-musee-de-la-poste-le-18-janvier-2024","status":"publish","type":"post","link":"https:\/\/www.cfccp.net\/index.php\/2023\/12\/23\/visite-du-musee-de-la-poste-le-18-janvier-2024\/","title":{"rendered":"Visite du Mus\u00e9e de la Poste le 18 janvier 2024"},"content":{"rendered":"\n<p>Le CFCCP organise le jeudi 18 janvier \u00e0 14h une visite au Mus\u00e9e de la Poste \u00e0 Paris 15\u00e8me, qui pr\u00e9sente une exposition intitul\u00e9e<\/p>\n\n\n\n<p class=\"has-text-align-center\"><strong>\u00ab\u00a0Nouvelles du Paradis\u00a0\u00bb la carte postale de vacances<\/strong><\/p>\n\n\n\n<p>Cette visite se fera en pr\u00e9sence de notre adh\u00e9rent Marc Combier qui a particip\u00e9 \u00e0 la mise en place de cette exposition.<\/p>\n\n\n\n<p>Dur\u00e9e estim\u00e9e 1h 30<\/p>\n\n\n\n<p>Droit d&rsquo;entr\u00e9e senior \u00e0 r\u00e9gler \u00e0 la caisse du Mus\u00e9e : 5\u20ac<\/p>\n\n\n\n<p><\/p>\n\n\n\n<div class=\"wp-block-image\"><figure class=\"aligncenter size-full\"><img loading=\"lazy\" width=\"715\" height=\"420\" src=\"http:\/\/www.cfccp.net\/wp-content\/uploads\/2024\/01\/Affiche-CartesPostales_Musee_de-_la_poste-page-001-mea-715x420-1.jpg\" alt=\"\" class=\"wp-image-3826\" srcset=\"https:\/\/www.cfccp.net\/wp-content\/uploads\/2024\/01\/Affiche-CartesPostales_Musee_de-_la_poste-page-001-mea-715x420-1.jpg 715w, https:\/\/www.cfccp.net\/wp-content\/uploads\/2024\/01\/Affiche-CartesPostales_Musee_de-_la_poste-page-001-mea-715x420-1-300x176.jpg 300w, https:\/\/www.cfccp.net\/wp-content\/uploads\/2024\/01\/Affiche-CartesPostales_Musee_de-_la_poste-page-001-mea-715x420-1-600x352.jpg 600w\" sizes=\"(max-width: 715px) 100vw, 715px\" \/><\/figure><\/div>\n\n\n\n<div class=\"wp-block-image\"><figure class=\"aligncenter size-full\"><img loading=\"lazy\" width=\"526\" height=\"764\" src=\"http:\/\/www.cfccp.net\/wp-content\/uploads\/2023\/12\/visite-musee-poste.jpg\" alt=\"\" class=\"wp-image-3821\" srcset=\"https:\/\/www.cfccp.net\/wp-content\/uploads\/2023\/12\/visite-musee-poste.jpg 526w, https:\/\/www.cfccp.net\/wp-content\/uploads\/2023\/12\/visite-musee-poste-207x300.jpg 207w\" sizes=\"(max-width: 526px) 100vw, 526px\" \/><\/figure><\/div>\n","protected":false},"excerpt":{"rendered":"<p>Le CFCCP organise le jeudi 18 janvier \u00e0 14h une visite au Mus\u00e9e de la Poste \u00e0 Paris 15\u00e8me, qui&hellip;<\/p>\n","protected":false},"author":4,"featured_media":0,"comment_status":"closed","ping_status":"closed","sticky":false,"template":"","format":"standard","meta":[],"categories":[1],"tags":[],"_links":{"self":[{"href":"https:\/\/www.cfccp.net\/index.php\/wp-json\/wp\/v2\/posts\/3820"}],"collection":[{"href":"https:\/\/www.cfccp.net\/index.php\/wp-json\/wp\/v2\/posts"}],"about":[{"href":"https:\/\/www.cfccp.net\/index.php\/wp-json\/wp\/v2\/types\/post"}],"author":[{"embeddable":true,"href":"https:\/\/www.cfccp.net\/index.php\/wp-json\/wp\/v2\/users\/4"}],"replies":[{"embeddable":true,"href":"https:\/\/www.cfccp.net\/index.php\/wp-json\/wp\/v2\/comments?post=3820"}],"version-history":[{"count":3,"href":"https:\/\/www.cfccp.net\/index.php\/wp-json\/wp\/v2\/posts\/3820\/revisions"}],"predecessor-version":[{"id":3828,"href":"https:\/\/www.cfccp.net\/index.php\/wp-json\/wp\/v2\/posts\/3820\/revisions\/3828"}],"wp:attachment":[{"href":"https:\/\/www.cfccp.net\/index.php\/wp-json\/wp\/v2\/media?parent=3820"}],"wp:term":[{"taxonomy":"category","embeddable":true,"href":"https:\/\/www.cfccp.net\/index.php\/wp-json\/wp\/v2\/categories?post=3820"},{"taxonomy":"post_tag","embeddable":true,"href":"https:\/\/www.cfccp.net\/index.php\/wp-json\/wp\/v2\/tags?post=3820"}],"curies":[{"name":"wp","href":"https:\/\/api.w.org\/{rel}","templated":true}]}}