{"id":3735,"date":"2023-05-10T08:20:58","date_gmt":"2023-05-10T06:20:58","guid":{"rendered":"http:\/\/www.cfccp.net\/?p=3735"},"modified":"2023-09-15T12:26:49","modified_gmt":"2023-09-15T10:26:49","slug":"assemblee-generale-2023","status":"publish","type":"post","link":"https:\/\/www.cfccp.net\/index.php\/2023\/05\/10\/assemblee-generale-2023\/","title":{"rendered":"Assembl\u00e9e g\u00e9n\u00e9rale 2023"},"content":{"rendered":"\n<p><strong>Chers adh\u00e9rents du Cercle, <\/strong><\/p>\n\n\n\n<p><strong>R\u00e9guli\u00e8rement convoqu\u00e9e par courrier postal, l&rsquo;Assembl\u00e9e G\u00e9n\u00e9rale 2023 du CFCCP se tiendra au si\u00e8ge social, Maison de la Vie Associative et Citoyenne du 15\u00e8me, 22 rue de la Sa\u00efda, \u00e0 Paris. Le rendez-vous est fix\u00e9 jeudi 11 mai \u00e0 14h30. Un grand merci \u00e0 celles et ceux qui ont manifest\u00e9 leur soutien au Cercle en adressant leur pouvoir.<\/strong><\/p>\n\n\n\n<div class=\"wp-block-image is-style-default\"><figure class=\"aligncenter size-full is-resized\"><img loading=\"lazy\" src=\"http:\/\/www.cfccp.net\/wp-content\/uploads\/2020\/01\/saida-entree-small.jpg\" alt=\"\" class=\"wp-image-648\" width=\"384\" height=\"288\" srcset=\"https:\/\/www.cfccp.net\/wp-content\/uploads\/2020\/01\/saida-entree-small.jpg 384w, https:\/\/www.cfccp.net\/wp-content\/uploads\/2020\/01\/saida-entree-small-300x225.jpg 300w\" sizes=\"(max-width: 384px) 100vw, 384px\" \/><\/figure><\/div>\n\n\n\n<p><strong>Apr\u00e8s les formalit\u00e9s administratives, nous nous prononcerons sur le rapport moral et d&rsquo;activit\u00e9s, sur le rapport financier, et sur le renouvellement du conseil d&rsquo;administration.<\/strong><\/p>\n\n\n\n<p><strong>Une traditionnelle s\u00e9ance d&rsquo;\u00e9changes de cartes suivra.<\/strong><\/p>\n\n\n\n<p><strong>La fin de la r\u00e9union est pr\u00e9vue \u00e0 17h30.<\/strong><\/p>\n\n\n\n<p><strong>Le Pr\u00e9sident.<\/strong><\/p>\n","protected":false},"excerpt":{"rendered":"<p>Chers adh\u00e9rents du Cercle, R\u00e9guli\u00e8rement convoqu\u00e9e par courrier postal, l&rsquo;Assembl\u00e9e G\u00e9n\u00e9rale 2023 du CFCCP se tiendra au si\u00e8ge social, Maison&hellip;<\/p>\n","protected":false},"author":4,"featured_media":200,"comment_status":"closed","ping_status":"closed","sticky":false,"template":"","format":"standard","meta":[],"categories":[1],"tags":[],"_links":{"self":[{"href":"https:\/\/www.cfccp.net\/index.php\/wp-json\/wp\/v2\/posts\/3735"}],"collection":[{"href":"https:\/\/www.cfccp.net\/index.php\/wp-json\/wp\/v2\/posts"}],"about":[{"href":"https:\/\/www.cfccp.net\/index.php\/wp-json\/wp\/v2\/types\/post"}],"author":[{"embeddable":true,"href":"https:\/\/www.cfccp.net\/index.php\/wp-json\/wp\/v2\/users\/4"}],"replies":[{"embeddable":true,"href":"https:\/\/www.cfccp.net\/index.php\/wp-json\/wp\/v2\/comments?post=3735"}],"version-history":[{"count":4,"href":"https:\/\/www.cfccp.net\/index.php\/wp-json\/wp\/v2\/posts\/3735\/revisions"}],"predecessor-version":[{"id":3779,"href":"https:\/\/www.cfccp.net\/index.php\/wp-json\/wp\/v2\/posts\/3735\/revisions\/3779"}],"wp:featuredmedia":[{"embeddable":true,"href":"https:\/\/www.cfccp.net\/index.php\/wp-json\/wp\/v2\/media\/200"}],"wp:attachment":[{"href":"https:\/\/www.cfccp.net\/index.php\/wp-json\/wp\/v2\/media?parent=3735"}],"wp:term":[{"taxonomy":"category","embeddable":true,"href":"https:\/\/www.cfccp.net\/index.php\/wp-json\/wp\/v2\/categories?post=3735"},{"taxonomy":"post_tag","embeddable":true,"href":"https:\/\/www.cfccp.net\/index.php\/wp-json\/wp\/v2\/tags?post=3735"}],"curies":[{"name":"wp","href":"https:\/\/api.w.org\/{rel}","templated":true}]}}