{"id":3380,"date":"2022-05-19T23:34:00","date_gmt":"2022-05-19T21:34:00","guid":{"rendered":"http:\/\/www.cfccp.net\/?p=3380"},"modified":"2022-05-19T23:37:11","modified_gmt":"2022-05-19T21:37:11","slug":"salon-de-villebon-sur-yvette-91-le-samedi-17-09-2022","status":"publish","type":"post","link":"https:\/\/www.cfccp.net\/index.php\/2022\/05\/19\/salon-de-villebon-sur-yvette-91-le-samedi-17-09-2022\/","title":{"rendered":"Salon de Villebon sur Yvette (91)  le samedi 17 \/ 09 \/ 2022"},"content":{"rendered":"\n<p>L&rsquo;Association Philat\u00e9lique de Villebon sur Yvette nous communique :<\/p>\n\n\n\n<p>Apr\u00e8s les 2 rendez-vous manqu\u00e9s des ann\u00e9es pr\u00e9c\u00e9dentes pour cause de COVID, l&rsquo;APVY a le plaisir de vous informer que son <strong>7 \u00e8me Salon Toutes Collections<\/strong> se tiendra le <strong>samedi 17 septembre 2022 au centre culturel Jacques BREL, rue Jacques Brel \u00e0 Villebon-sur-Yvette (91).<\/strong><\/p>\n\n\n\n<div class=\"wp-block-image\"><figure class=\"aligncenter size-full is-resized\"><img loading=\"lazy\" src=\"http:\/\/www.cfccp.net\/wp-content\/uploads\/2022\/05\/STC-Villebon-2022-br.jpg\" alt=\"\" class=\"wp-image-3381\" width=\"606\" height=\"768\" srcset=\"https:\/\/www.cfccp.net\/wp-content\/uploads\/2022\/05\/STC-Villebon-2022-br.jpg 808w, https:\/\/www.cfccp.net\/wp-content\/uploads\/2022\/05\/STC-Villebon-2022-br-237x300.jpg 237w, https:\/\/www.cfccp.net\/wp-content\/uploads\/2022\/05\/STC-Villebon-2022-br-768x973.jpg 768w, https:\/\/www.cfccp.net\/wp-content\/uploads\/2022\/05\/STC-Villebon-2022-br-600x760.jpg 600w\" sizes=\"(max-width: 606px) 100vw, 606px\" \/><\/figure><\/div>\n","protected":false},"excerpt":{"rendered":"<p>L&rsquo;Association Philat\u00e9lique de Villebon sur Yvette nous communique : Apr\u00e8s les 2 rendez-vous manqu\u00e9s des ann\u00e9es pr\u00e9c\u00e9dentes pour cause de&hellip;<\/p>\n","protected":false},"author":4,"featured_media":3181,"comment_status":"closed","ping_status":"closed","sticky":false,"template":"","format":"standard","meta":[],"categories":[1],"tags":[],"_links":{"self":[{"href":"https:\/\/www.cfccp.net\/index.php\/wp-json\/wp\/v2\/posts\/3380"}],"collection":[{"href":"https:\/\/www.cfccp.net\/index.php\/wp-json\/wp\/v2\/posts"}],"about":[{"href":"https:\/\/www.cfccp.net\/index.php\/wp-json\/wp\/v2\/types\/post"}],"author":[{"embeddable":true,"href":"https:\/\/www.cfccp.net\/index.php\/wp-json\/wp\/v2\/users\/4"}],"replies":[{"embeddable":true,"href":"https:\/\/www.cfccp.net\/index.php\/wp-json\/wp\/v2\/comments?post=3380"}],"version-history":[{"count":2,"href":"https:\/\/www.cfccp.net\/index.php\/wp-json\/wp\/v2\/posts\/3380\/revisions"}],"predecessor-version":[{"id":3384,"href":"https:\/\/www.cfccp.net\/index.php\/wp-json\/wp\/v2\/posts\/3380\/revisions\/3384"}],"wp:featuredmedia":[{"embeddable":true,"href":"https:\/\/www.cfccp.net\/index.php\/wp-json\/wp\/v2\/media\/3181"}],"wp:attachment":[{"href":"https:\/\/www.cfccp.net\/index.php\/wp-json\/wp\/v2\/media?parent=3380"}],"wp:term":[{"taxonomy":"category","embeddable":true,"href":"https:\/\/www.cfccp.net\/index.php\/wp-json\/wp\/v2\/categories?post=3380"},{"taxonomy":"post_tag","embeddable":true,"href":"https:\/\/www.cfccp.net\/index.php\/wp-json\/wp\/v2\/tags?post=3380"}],"curies":[{"name":"wp","href":"https:\/\/api.w.org\/{rel}","templated":true}]}}