{"id":3369,"date":"2022-05-09T14:02:11","date_gmt":"2022-05-09T12:02:11","guid":{"rendered":"http:\/\/www.cfccp.net\/?p=3369"},"modified":"2022-05-09T14:05:05","modified_gmt":"2022-05-09T12:05:05","slug":"assemblee-generale-2022-2","status":"publish","type":"post","link":"https:\/\/www.cfccp.net\/index.php\/2022\/05\/09\/assemblee-generale-2022-2\/","title":{"rendered":"Assembl\u00e9e g\u00e9n\u00e9rale 2022"},"content":{"rendered":"\n<p>Ch\u00e8res adh\u00e9rentes, chers adh\u00e9rents,<\/p>\n\n\n\n<p class=\"has-drop-cap\">Le jeudi 5 mai 2022, dans le cadre d\u2019une \u00ab&nbsp;journ\u00e9e de retrouvailles&nbsp;\u00bb notre AG s&rsquo;est tenue chez Mollard. Apr\u00e8s un repas pour une quinzaine de convives, nous avons rejoint la salle des Jardins de l\u2019Isly&nbsp; que nous n&rsquo;avions pas occup\u00e9e depuis f\u00e9vrier 2020.&nbsp;&nbsp;&nbsp;&nbsp;&nbsp;&nbsp;<\/p>\n\n\n\n<p>L&rsquo;assembl\u00e9e a approuv\u00e9 \u00e0 l&rsquo;unanimit\u00e9 le rapport moral et le rapport financier. Le conseil d&rsquo;administration a \u00e9t\u00e9 reconduit et un nouveau membre y a \u00e9t\u00e9 accueilli.<\/p>\n\n\n\n<p>Post assembl\u00e9e, une courte dispersion de cartes s\u2019est tenue pour renouer avec la tradition.<\/p>\n\n\n\n<div class=\"wp-block-image\"><figure class=\"aligncenter size-large\"><img loading=\"lazy\" width=\"768\" height=\"1024\" src=\"http:\/\/www.cfccp.net\/wp-content\/uploads\/2022\/05\/AG-CFCCP-2022-768x1024.jpg\" alt=\"\" class=\"wp-image-3370\" srcset=\"https:\/\/www.cfccp.net\/wp-content\/uploads\/2022\/05\/AG-CFCCP-2022-768x1024.jpg 768w, https:\/\/www.cfccp.net\/wp-content\/uploads\/2022\/05\/AG-CFCCP-2022-225x300.jpg 225w, https:\/\/www.cfccp.net\/wp-content\/uploads\/2022\/05\/AG-CFCCP-2022-1152x1536.jpg 1152w, https:\/\/www.cfccp.net\/wp-content\/uploads\/2022\/05\/AG-CFCCP-2022-600x800.jpg 600w, https:\/\/www.cfccp.net\/wp-content\/uploads\/2022\/05\/AG-CFCCP-2022.jpg 1511w\" sizes=\"(max-width: 768px) 100vw, 768px\" \/><figcaption>Le Tr\u00e9sorier, le Pr\u00e9sident et la Secr\u00e9taire pendant la lecture du rapport moral. Clich\u00e9 DLA<\/figcaption><\/figure><\/div>\n","protected":false},"excerpt":{"rendered":"<p>Ch\u00e8res adh\u00e9rentes, chers adh\u00e9rents, Le jeudi 5 mai 2022, dans le cadre d\u2019une \u00ab&nbsp;journ\u00e9e de retrouvailles&nbsp;\u00bb notre AG s&rsquo;est tenue&hellip;<\/p>\n","protected":false},"author":4,"featured_media":200,"comment_status":"closed","ping_status":"closed","sticky":false,"template":"","format":"standard","meta":[],"categories":[18],"tags":[],"_links":{"self":[{"href":"https:\/\/www.cfccp.net\/index.php\/wp-json\/wp\/v2\/posts\/3369"}],"collection":[{"href":"https:\/\/www.cfccp.net\/index.php\/wp-json\/wp\/v2\/posts"}],"about":[{"href":"https:\/\/www.cfccp.net\/index.php\/wp-json\/wp\/v2\/types\/post"}],"author":[{"embeddable":true,"href":"https:\/\/www.cfccp.net\/index.php\/wp-json\/wp\/v2\/users\/4"}],"replies":[{"embeddable":true,"href":"https:\/\/www.cfccp.net\/index.php\/wp-json\/wp\/v2\/comments?post=3369"}],"version-history":[{"count":2,"href":"https:\/\/www.cfccp.net\/index.php\/wp-json\/wp\/v2\/posts\/3369\/revisions"}],"predecessor-version":[{"id":3372,"href":"https:\/\/www.cfccp.net\/index.php\/wp-json\/wp\/v2\/posts\/3369\/revisions\/3372"}],"wp:featuredmedia":[{"embeddable":true,"href":"https:\/\/www.cfccp.net\/index.php\/wp-json\/wp\/v2\/media\/200"}],"wp:attachment":[{"href":"https:\/\/www.cfccp.net\/index.php\/wp-json\/wp\/v2\/media?parent=3369"}],"wp:term":[{"taxonomy":"category","embeddable":true,"href":"https:\/\/www.cfccp.net\/index.php\/wp-json\/wp\/v2\/categories?post=3369"},{"taxonomy":"post_tag","embeddable":true,"href":"https:\/\/www.cfccp.net\/index.php\/wp-json\/wp\/v2\/tags?post=3369"}],"curies":[{"name":"wp","href":"https:\/\/api.w.org\/{rel}","templated":true}]}}