{"id":3212,"date":"2022-02-11T07:38:56","date_gmt":"2022-02-11T06:38:56","guid":{"rendered":"http:\/\/www.cfccp.net\/?p=3212"},"modified":"2022-02-11T15:29:29","modified_gmt":"2022-02-11T14:29:29","slug":"ce-week-end","status":"publish","type":"post","link":"https:\/\/www.cfccp.net\/index.php\/2022\/02\/11\/ce-week-end\/","title":{"rendered":"Ce week-end&#8230; d\u00e8s vendredi"},"content":{"rendered":"<p><strong>DATES :&nbsp;<\/strong>&nbsp;11 au 13 f\u00e9vrier 2022<br><strong>LIEU :<\/strong>&nbsp;<strong>R\u00e9fectoire des Cordeliers<\/strong>&nbsp;<a href=\"https:\/\/goo.gl\/maps\/zicGmrCXzGUjuWr3A\" target=\"_blank\" rel=\"noopener\">15 rue de l\u2019Ecole de M\u00e9decine 75006 Paris<\/a><br><strong>HORAIRES :<\/strong>&nbsp;11h \u2013 19h tous les jours sauf le Dimanche 13 f\u00e9vrier fermeture \u00e0 18h.<br><strong>TH\u00c8ME : LES AMANTS<\/strong>&nbsp;<br><strong>ENTR\u00c9E :<\/strong>&nbsp; Gratuite<br><strong>\u00c9v\u00e8nement en int\u00e9rieur<\/strong>&nbsp;\u2013 Mesures Covid \u00e0 respecter.<br><strong>ACC\u00c8S :<br>Metro :<\/strong>&nbsp;Ligne 4 \u2013 10 : Od\u00e9on \u2013 St Michel<br><strong>Bus :&nbsp;<\/strong>&nbsp;21 \u2013 27 \u2013 38 \u2013 63 \u2013 86 \u2013 94<br><strong>RER B :<\/strong>&nbsp;St Michel Notre Dame<br><strong>PARKING Saemes&nbsp; :<\/strong>&nbsp;21 rue Ecole de M\u00e9decine 75006 Paris<br><a href=\"https:\/\/www.saemes.fr\/fr\/parking\/parking-ecole-de-medecine\">https:\/\/www.saemes.fr\/fr\/parking\/parking-ecole-de-medecine<\/a><br><strong>EXPOSANTS :<\/strong>&nbsp;Environ 40 libraires professionnels, r\u00e9unis sur 600 m2 d\u2019un lieu unique au c\u0153ur du quartier latin. Le R\u00e9fectoire des Cordeliers est le dernier vestige de l\u2019ancien couvent qui abritait les moines franciscains. Cette confr\u00e9rie apparue au 13\u00e8me si\u00e8cle, les fr\u00e8res mineurs de Saint-Fran\u00e7ois sont aussi appel\u00e9s les Cordeliers. Ces disciples franciscains sont surnomm\u00e9s ainsi car ils portaient une large corde pour tenir leur robe. Les Cordeliers b\u00e2tirent un couvent, deux clo\u00eetres un r\u00e9fectoire, une \u00e9glise ainsi que plusieurs jardins. Cet ensemble fut un des plus importants centres religieux, intellectuels et politiques de Paris entre le XIV\u00e8me si\u00e8cle et le XVII\u00e8me si\u00e8cle. Le lieu est un \u00e9crin id\u00e9al pour d\u00e9baller des livres, des manuscrits, des archives et guider le visiteur sur les traces du pass\u00e9.<\/p>\n\n\n<figure class=\"wp-block-image size-full\"><img loading=\"lazy\" width=\"600\" height=\"786\" src=\"http:\/\/www.cfccp.net\/wp-content\/uploads\/2022\/02\/affiche-SITEWEB.png\" alt=\"\" class=\"wp-image-3213\" srcset=\"https:\/\/www.cfccp.net\/wp-content\/uploads\/2022\/02\/affiche-SITEWEB.png 600w, https:\/\/www.cfccp.net\/wp-content\/uploads\/2022\/02\/affiche-SITEWEB-229x300.png 229w\" sizes=\"(max-width: 600px) 100vw, 600px\" \/><\/figure>\n\n\n<p><strong><u>Samedi 12 et Dimanche 13 F\u00e9vrier 2022<\/u>\u00a0\u2013 Bois-Colombes (92)\u00a0<\/strong><\/p>\n<p>F\u00eate du Timbre et de la Cartophilie. Galerie \u00a0 Charlemagne, 7 rue F\u00e9lix Braquet.<\/p>\n<p><strong><span class=\"has-inline-color\">\u00ab\u00a0Les d\u00e9buts de l\u2019automobile\u00a0\u00bb, \u00ab\u00a0Transports divers et Commerces au d\u00e9but du XX\u00e8me si\u00e8cle\u00a0\u00bb,<\/span><\/strong><\/p>\n<ul>\n<li><strong><span class=\"has-inline-color\">Exposition, conf\u00e9rence de Michel Toulet, vice-pr\u00e9sident du CFCCP, le 12 \u00e0 15h00,<\/span><\/strong><\/li>\n<li>bourse philat\u00e9lique le 13 de 9h00 \u00e0 18h00.<\/li>\n<\/ul>\n<p><strong><u>Dimanche 13 F\u00e9vrier 2022\u00a0<\/u>\u2013\u00a0Aulnay-sous-Bois (93)<\/strong>\u00a0<\/p>\n<p>25\u00e8me salon multi-collections, salle Pierre Scohy, 1 rue Aristide Briand, de 8h30 \u00e0 17h30.<\/p>\n<p><strong><u>Dimanche 13 F\u00e9vrier 2022\u00a0<\/u>\u2013\u00a0Montgeron (91)<\/strong><\/p>\n<p>Bourse toutes collections, salle polyvalente du Nouzet, 115 route de Corbeil, de 9h00 \u00e0 18h00.<\/p>","protected":false},"excerpt":{"rendered":"<p>DATES :&nbsp;&nbsp;11 au 13 f\u00e9vrier 2022LIEU :&nbsp;R\u00e9fectoire des Cordeliers&nbsp;15 rue de l\u2019Ecole de M\u00e9decine 75006 ParisHORAIRES :&nbsp;11h \u2013 19h tous&hellip;<\/p>\n","protected":false},"author":4,"featured_media":3181,"comment_status":"open","ping_status":"open","sticky":false,"template":"","format":"standard","meta":[],"categories":[1],"tags":[],"_links":{"self":[{"href":"https:\/\/www.cfccp.net\/index.php\/wp-json\/wp\/v2\/posts\/3212"}],"collection":[{"href":"https:\/\/www.cfccp.net\/index.php\/wp-json\/wp\/v2\/posts"}],"about":[{"href":"https:\/\/www.cfccp.net\/index.php\/wp-json\/wp\/v2\/types\/post"}],"author":[{"embeddable":true,"href":"https:\/\/www.cfccp.net\/index.php\/wp-json\/wp\/v2\/users\/4"}],"replies":[{"embeddable":true,"href":"https:\/\/www.cfccp.net\/index.php\/wp-json\/wp\/v2\/comments?post=3212"}],"version-history":[{"count":6,"href":"https:\/\/www.cfccp.net\/index.php\/wp-json\/wp\/v2\/posts\/3212\/revisions"}],"predecessor-version":[{"id":3220,"href":"https:\/\/www.cfccp.net\/index.php\/wp-json\/wp\/v2\/posts\/3212\/revisions\/3220"}],"wp:featuredmedia":[{"embeddable":true,"href":"https:\/\/www.cfccp.net\/index.php\/wp-json\/wp\/v2\/media\/3181"}],"wp:attachment":[{"href":"https:\/\/www.cfccp.net\/index.php\/wp-json\/wp\/v2\/media?parent=3212"}],"wp:term":[{"taxonomy":"category","embeddable":true,"href":"https:\/\/www.cfccp.net\/index.php\/wp-json\/wp\/v2\/categories?post=3212"},{"taxonomy":"post_tag","embeddable":true,"href":"https:\/\/www.cfccp.net\/index.php\/wp-json\/wp\/v2\/tags?post=3212"}],"curies":[{"name":"wp","href":"https:\/\/api.w.org\/{rel}","templated":true}]}}