{"id":3203,"date":"2022-02-05T12:25:31","date_gmt":"2022-02-05T11:25:31","guid":{"rendered":"http:\/\/www.cfccp.net\/?p=3203"},"modified":"2022-03-04T08:14:18","modified_gmt":"2022-03-04T07:14:18","slug":"evenements-de-fevrier","status":"publish","type":"post","link":"https:\/\/www.cfccp.net\/index.php\/2022\/02\/05\/evenements-de-fevrier\/","title":{"rendered":"Ev\u00e8nements de f\u00e9vrier et mars"},"content":{"rendered":"\n<p>&nbsp; &nbsp; &nbsp; &nbsp; &nbsp; &nbsp; &nbsp; &nbsp; &nbsp; &nbsp; &nbsp; &nbsp; &nbsp; &nbsp; &nbsp; &nbsp; &nbsp; &nbsp; &nbsp; &nbsp; &nbsp; &nbsp; &nbsp; &nbsp; &nbsp; &nbsp; &nbsp; &nbsp; &nbsp; &nbsp; &nbsp; &nbsp; &nbsp; &nbsp; &nbsp; &nbsp; &nbsp; <\/p>\n\n\n\n<p><em><strong>La lev\u00e9e progressive des restrictions fait refleurir les salons. Il y a le choix en \u00cele-de-France mais la pr\u00e9sentation du passe 3\/3 reste de rigueur. <\/strong><\/em><\/p>\n\n\n\n<p><strong><u>Dimanche 6 F\u00e9vrier 2022 &#8211;<\/u>&nbsp;Chevilly-Larue (94) <\/strong><\/p>\n\n\n\n<p>Bourse C.P. et collections, gymnase Marcel Paul&nbsp;16 rue de Bretagne, de 9h00 \u00e0 17h00.<\/p>\n\n\n\n<p><strong><u>Samedi 12 et Dimanche13 F\u00e9vrier 2022<\/u> &#8211; Bois-Colombes (92)&nbsp;<\/strong><\/p>\n\n\n\n<p>F\u00eate du Timbre et de la Cartophilie. Galerie &nbsp; Charlemagne, 7 rue F\u00e9lix Braquet.<\/p>\n\n\n\n<p><span style=\"color:#fd0400\" class=\"has-inline-color\">\u00ab\u00a0Les d\u00e9buts de l&rsquo;automobile\u00a0\u00bb, \u00ab\u00a0Transports divers et Commerces au d\u00e9but du XX\u00e8me si\u00e8cle\u00a0\u00bb,<\/span><\/p>\n\n\n\n<ul><li><span style=\"color:#fe0703\" class=\"has-inline-color\">Exposition, conf\u00e9rence de <strong>Michel Toulet<\/strong> , vice-pr\u00e9sident du CFCCP, le 12 \u00e0 15h00, <\/span><\/li><li>bourse philat\u00e9lique le 13 de 9h00 \u00e0 18h00.<\/li><\/ul>\n\n\n\n<p><strong><u>Dimanche 13 F\u00e9vrier 2022 <\/u>&#8211;&nbsp;Aulnay-sous-Bois (93)<\/strong>&nbsp;<\/p>\n\n\n\n<p>25\u00e8me salon multi-collections, salle Pierre Scohy, 1 rue Aristide Briand, de 8h30 \u00e0 17h30.<\/p>\n\n\n\n<p><strong><u>Dimanche 13 F\u00e9vrier 2022 <\/u>&#8211;&nbsp;Montgeron (91) <\/strong><\/p>\n\n\n\n<p>Bourse toutes collections, salle polyvalente du Nouzet, 115 route de Corbeil, de 9h00 \u00e0 18h00.<\/p>\n\n\n\n<p><strong><u>Samedi 19 F\u00e9vrier 2022 &#8211;&nbsp;<\/u>Esbly (77)<\/strong><\/p>\n\n\n\n<p>Salon des collections, espace J.-J. Litzler, chemin des&nbsp; Aulnoyes, de 8h00 \u00e0 17h00.<\/p>\n\n\n\n<p><strong><u>19 et 20 F\u00e9vrier 2022 &#8211;&nbsp;<\/u>Ballancourt-sur-Essonne (91)&nbsp;<\/strong><\/p>\n\n\n\n<p>Salon multi-collections, espace Daniel&nbsp;&nbsp;Salvi, 2 rue des Colombes, de 9h00 \u00e0 18h00.<\/p>\n\n\n\n<p><strong><u>Dimanche 20 F\u00e9vrier 2022\u00a0<\/u>&#8211; V\u00e9lizy-Villacoublay (78) \u00a0<\/strong><\/p>\n\n\n\n<p>35\u00e8me&nbsp;Salon toutes collections, centre&nbsp; l&rsquo;Ariane, 1bis place de l&rsquo;Europe, de 9h00 \u00e0 17h00.<\/p>\n\n\n\n<p><strong><u>Samedi 5 Mars 2022 <\/u>&#8211;&nbsp;Orsay (91) <\/strong><\/p>\n\n\n\n<p>Salon toutes collections, salle Jacques Tati, all\u00e9e de la&nbsp;Bouv\u00e8che, de 9h00 \u00e0 17h30.&nbsp;<\/p>\n\n\n\n<p><strong><u>12 et 13 Mars 2022 <\/u>&#8211;&nbsp;F\u00eate du Timbre <\/strong><\/p>\n\n\n\n<p>Paris (75), Conflans-Sainte-Honorine (78), Milly-la-For\u00eat (91)&nbsp;<\/p>\n\n\n\n<p><strong><u>Dimanche 27 Mars 2022 &#8211;&nbsp;<\/u>Poissy (78)&nbsp;<\/strong><\/p>\n\n\n\n<p>Bourse multi-collections, centre de diffusion artistique,&nbsp;53 avenue Blanche de Castille, de 8h30 \u00e0 18h00.&nbsp;<\/p>\n\n\n\n<p><strong><u>Dimanche 27 Mars 2022 <\/u>&#8211;&nbsp;Antony (92) <\/strong><\/p>\n\n\n\n<p>Bourse toutes collections, salle Andr\u00e9 Malraux, avenue&nbsp;L\u00e9on Hammel, de 9h00 \u00e0 18h00.<\/p>\n","protected":false},"excerpt":{"rendered":"<p>&nbsp; &nbsp; &nbsp; &nbsp; &nbsp; &nbsp; &nbsp; &nbsp; &nbsp; &nbsp; &nbsp; &nbsp; &nbsp; &nbsp; &nbsp; &nbsp; &nbsp; &nbsp; &nbsp; &nbsp;&hellip;<\/p>\n","protected":false},"author":4,"featured_media":3181,"comment_status":"closed","ping_status":"closed","sticky":false,"template":"","format":"standard","meta":[],"categories":[1],"tags":[],"_links":{"self":[{"href":"https:\/\/www.cfccp.net\/index.php\/wp-json\/wp\/v2\/posts\/3203"}],"collection":[{"href":"https:\/\/www.cfccp.net\/index.php\/wp-json\/wp\/v2\/posts"}],"about":[{"href":"https:\/\/www.cfccp.net\/index.php\/wp-json\/wp\/v2\/types\/post"}],"author":[{"embeddable":true,"href":"https:\/\/www.cfccp.net\/index.php\/wp-json\/wp\/v2\/users\/4"}],"replies":[{"embeddable":true,"href":"https:\/\/www.cfccp.net\/index.php\/wp-json\/wp\/v2\/comments?post=3203"}],"version-history":[{"count":7,"href":"https:\/\/www.cfccp.net\/index.php\/wp-json\/wp\/v2\/posts\/3203\/revisions"}],"predecessor-version":[{"id":3237,"href":"https:\/\/www.cfccp.net\/index.php\/wp-json\/wp\/v2\/posts\/3203\/revisions\/3237"}],"wp:featuredmedia":[{"embeddable":true,"href":"https:\/\/www.cfccp.net\/index.php\/wp-json\/wp\/v2\/media\/3181"}],"wp:attachment":[{"href":"https:\/\/www.cfccp.net\/index.php\/wp-json\/wp\/v2\/media?parent=3203"}],"wp:term":[{"taxonomy":"category","embeddable":true,"href":"https:\/\/www.cfccp.net\/index.php\/wp-json\/wp\/v2\/categories?post=3203"},{"taxonomy":"post_tag","embeddable":true,"href":"https:\/\/www.cfccp.net\/index.php\/wp-json\/wp\/v2\/tags?post=3203"}],"curies":[{"name":"wp","href":"https:\/\/api.w.org\/{rel}","templated":true}]}}