{"id":238,"date":"2019-09-20T15:26:47","date_gmt":"2019-09-20T13:26:47","guid":{"rendered":"http:\/\/www.cfccp.net\/?p=238"},"modified":"2020-04-06T10:25:33","modified_gmt":"2020-04-06T08:25:33","slug":"page-facebook-du-cfccp","status":"publish","type":"post","link":"https:\/\/www.cfccp.net\/index.php\/2019\/09\/20\/page-facebook-du-cfccp\/","title":{"rendered":"\u00ab\u00a0Page Facebook\u00a0\u00bb du CFCCP"},"content":{"rendered":"\n<p><strong>Depuis le 16 septembre 2019, un groupe Facebook a \u00e9t\u00e9 ouvert au nom du CFCCP Cercle Fran\u00e7ais des Collectionneurs de Cartes Postales<\/strong>. N&rsquo;h\u00e9sitez pas \u00e0 visiter le fil de discussions et \u00e0 solliciter l&rsquo;autorisation de rejoindre le groupe.<\/p>\n\n\n\n<p><a href=\"https:\/\/www.facebook.com\/groups\/2616163338449529\/\">https:\/\/www.facebook.com\/groups\/2616163338449529\/<\/a><\/p>\n\n\n\n<p>En quelques jours, un premier noyau de 18 membres s&rsquo;est constitu\u00e9 pour poster des CP et pour \u00e9changer des commentaires.  Ces fondateurs sont des utilisateurs habituels de Facebook et ont au moins une page personnelle ou bien sont inscrits dans des groupes ayant une th\u00e9matique proche.<\/p>\n\n\n\n<p>Dans une premi\u00e8re phase, les <em>posts<\/em> sont consacr\u00e9s \u00e0 des cartes-souvenirs de bourses et de salons organis\u00e9s par le Cercle. Nous y adjoignons l&rsquo;illustration des lieux  associ\u00e9s \u00e0 la vie du CFCCP. : si\u00e8ges, lieux de r\u00e9unions,  etc.  <br>Assez rapidement, nous devrions diversifier cette page \u00e0 des CPA inspir\u00e9es de l&rsquo;actualit\u00e9 ou de manifestations cartophiles. <\/p>\n\n\n\n<p><\/p>\n\n\n\n<figure class=\"wp-block-image\"><img loading=\"lazy\" width=\"722\" height=\"595\" src=\"http:\/\/www.cfccp.net\/wp-content\/uploads\/2019\/09\/Page-facebook-CFCCP2.jpg\" alt=\"\" class=\"wp-image-262\" srcset=\"https:\/\/www.cfccp.net\/wp-content\/uploads\/2019\/09\/Page-facebook-CFCCP2.jpg 722w, https:\/\/www.cfccp.net\/wp-content\/uploads\/2019\/09\/Page-facebook-CFCCP2-300x247.jpg 300w, https:\/\/www.cfccp.net\/wp-content\/uploads\/2019\/09\/Page-facebook-CFCCP2-600x494.jpg 600w\" sizes=\"(max-width: 722px) 100vw, 722px\" \/><figcaption><em>Ecran d&rsquo;accueil du groupe Facebook du CFCCP. Etat au 24 septembre 2019<\/em><\/figcaption><\/figure>\n","protected":false},"excerpt":{"rendered":"<p>Depuis le 16 septembre 2019, un groupe Facebook a \u00e9t\u00e9 ouvert au nom du CFCCP Cercle Fran\u00e7ais des Collectionneurs de&hellip;<\/p>\n","protected":false},"author":4,"featured_media":1249,"comment_status":"open","ping_status":"open","sticky":false,"template":"","format":"standard","meta":[],"categories":[18],"tags":[],"_links":{"self":[{"href":"https:\/\/www.cfccp.net\/index.php\/wp-json\/wp\/v2\/posts\/238"}],"collection":[{"href":"https:\/\/www.cfccp.net\/index.php\/wp-json\/wp\/v2\/posts"}],"about":[{"href":"https:\/\/www.cfccp.net\/index.php\/wp-json\/wp\/v2\/types\/post"}],"author":[{"embeddable":true,"href":"https:\/\/www.cfccp.net\/index.php\/wp-json\/wp\/v2\/users\/4"}],"replies":[{"embeddable":true,"href":"https:\/\/www.cfccp.net\/index.php\/wp-json\/wp\/v2\/comments?post=238"}],"version-history":[{"count":5,"href":"https:\/\/www.cfccp.net\/index.php\/wp-json\/wp\/v2\/posts\/238\/revisions"}],"predecessor-version":[{"id":280,"href":"https:\/\/www.cfccp.net\/index.php\/wp-json\/wp\/v2\/posts\/238\/revisions\/280"}],"wp:featuredmedia":[{"embeddable":true,"href":"https:\/\/www.cfccp.net\/index.php\/wp-json\/wp\/v2\/media\/1249"}],"wp:attachment":[{"href":"https:\/\/www.cfccp.net\/index.php\/wp-json\/wp\/v2\/media?parent=238"}],"wp:term":[{"taxonomy":"category","embeddable":true,"href":"https:\/\/www.cfccp.net\/index.php\/wp-json\/wp\/v2\/categories?post=238"},{"taxonomy":"post_tag","embeddable":true,"href":"https:\/\/www.cfccp.net\/index.php\/wp-json\/wp\/v2\/tags?post=238"}],"curies":[{"name":"wp","href":"https:\/\/api.w.org\/{rel}","templated":true}]}}