{"id":1542,"date":"2020-06-17T08:29:04","date_gmt":"2020-06-17T06:29:04","guid":{"rendered":"http:\/\/www.cfccp.net\/?p=1542"},"modified":"2020-08-13T18:35:51","modified_gmt":"2020-08-13T16:35:51","slug":"saint-mande","status":"publish","type":"post","link":"https:\/\/www.cfccp.net\/index.php\/2020\/06\/17\/saint-mande\/","title":{"rendered":"Saint-Mand\u00e9 rouvre !"},"content":{"rendered":"\n<p>Le mercredi 17 juin, le march\u00e9 aux vieux papiers de Saint Mand\u00e9 rouvre apr\u00e8s 3 mois d&rsquo;interruption. Nous sommes partis en reportage sur le terrain&#8230;<\/p>\n\n\n\n<figure class=\"wp-block-image\"><img loading=\"lazy\" width=\"1024\" height=\"624\" src=\"http:\/\/www.cfccp.net\/wp-content\/uploads\/2020\/06\/IMG_4780-s-1024x624.jpg\" alt=\"\" class=\"wp-image-1548\" srcset=\"https:\/\/www.cfccp.net\/wp-content\/uploads\/2020\/06\/IMG_4780-s-1024x624.jpg 1024w, https:\/\/www.cfccp.net\/wp-content\/uploads\/2020\/06\/IMG_4780-s-300x183.jpg 300w, https:\/\/www.cfccp.net\/wp-content\/uploads\/2020\/06\/IMG_4780-s-768x468.jpg 768w, https:\/\/www.cfccp.net\/wp-content\/uploads\/2020\/06\/IMG_4780-s-1600x975.jpg 1600w, https:\/\/www.cfccp.net\/wp-content\/uploads\/2020\/06\/IMG_4780-s-600x365.jpg 600w\" sizes=\"(max-width: 1024px) 100vw, 1024px\" \/><figcaption>L&rsquo;all\u00e9e principale<\/figcaption><\/figure>\n\n\n\n<figure class=\"wp-block-image\"><img loading=\"lazy\" width=\"1024\" height=\"768\" src=\"http:\/\/www.cfccp.net\/wp-content\/uploads\/2020\/06\/IMG_4782-1024x768.jpg\" alt=\"\" class=\"wp-image-1550\" srcset=\"https:\/\/www.cfccp.net\/wp-content\/uploads\/2020\/06\/IMG_4782-1024x768.jpg 1024w, https:\/\/www.cfccp.net\/wp-content\/uploads\/2020\/06\/IMG_4782-300x225.jpg 300w, https:\/\/www.cfccp.net\/wp-content\/uploads\/2020\/06\/IMG_4782-768x576.jpg 768w, https:\/\/www.cfccp.net\/wp-content\/uploads\/2020\/06\/IMG_4782-1600x1200.jpg 1600w, https:\/\/www.cfccp.net\/wp-content\/uploads\/2020\/06\/IMG_4782-600x450.jpg 600w\" sizes=\"(max-width: 1024px) 100vw, 1024px\" \/><figcaption>Peu de monde en terrasse !<\/figcaption><\/figure>\n\n\n\n<div class=\"wp-block-image\"><figure class=\"alignright\"><img loading=\"lazy\" width=\"1024\" height=\"634\" src=\"http:\/\/www.cfccp.net\/wp-content\/uploads\/2020\/06\/IMG_4785-s-1024x634.jpg\" alt=\"\" class=\"wp-image-1549\" srcset=\"https:\/\/www.cfccp.net\/wp-content\/uploads\/2020\/06\/IMG_4785-s-1024x634.jpg 1024w, https:\/\/www.cfccp.net\/wp-content\/uploads\/2020\/06\/IMG_4785-s-300x186.jpg 300w, https:\/\/www.cfccp.net\/wp-content\/uploads\/2020\/06\/IMG_4785-s-768x476.jpg 768w, https:\/\/www.cfccp.net\/wp-content\/uploads\/2020\/06\/IMG_4785-s-1600x991.jpg 1600w, https:\/\/www.cfccp.net\/wp-content\/uploads\/2020\/06\/IMG_4785-s-600x372.jpg 600w\" sizes=\"(max-width: 1024px) 100vw, 1024px\" \/><figcaption>Le Pr\u00e9sident de l&rsquo;Association organisatrice, Jacky Mabilat, ici de face en masque sombre, est au travail avec une \u00e9quipe d&rsquo;habitu\u00e9s en plein tri.<\/figcaption><\/figure><\/div>\n\n\n\n<div class=\"wp-block-image\"><figure class=\"aligncenter\"><img loading=\"lazy\" width=\"768\" height=\"1024\" src=\"http:\/\/www.cfccp.net\/wp-content\/uploads\/2020\/06\/IMG_4787-sw-768x1024.jpg\" alt=\"\" class=\"wp-image-1547\" srcset=\"https:\/\/www.cfccp.net\/wp-content\/uploads\/2020\/06\/IMG_4787-sw-768x1024.jpg 768w, https:\/\/www.cfccp.net\/wp-content\/uploads\/2020\/06\/IMG_4787-sw-225x300.jpg 225w, https:\/\/www.cfccp.net\/wp-content\/uploads\/2020\/06\/IMG_4787-sw-600x800.jpg 600w, https:\/\/www.cfccp.net\/wp-content\/uploads\/2020\/06\/IMG_4787-sw.jpg 1224w\" sizes=\"(max-width: 768px) 100vw, 768px\" \/><figcaption>Notre ami et adh\u00e9rent No\u00ebl Chevaudonnat sur son stand,  en tenue de combat  contre le virus.<\/figcaption><\/figure><\/div>\n\n\n\n<p><strong>Rappelons que ce march\u00e9 se tient tous les mercredis  de 8h \u00e0 17h, quel que soit le temps.<\/strong> Une occasion de d\u00e9nicher la perle rare et de rencontrer des adh\u00e9rents du CFCCP.<\/p>\n","protected":false},"excerpt":{"rendered":"<p>Le mercredi 17 juin, le march\u00e9 aux vieux papiers de Saint Mand\u00e9 rouvre apr\u00e8s 3 mois d&rsquo;interruption. Nous sommes partis&hellip;<\/p>\n","protected":false},"author":4,"featured_media":1545,"comment_status":"closed","ping_status":"open","sticky":false,"template":"","format":"standard","meta":[],"categories":[1],"tags":[],"_links":{"self":[{"href":"https:\/\/www.cfccp.net\/index.php\/wp-json\/wp\/v2\/posts\/1542"}],"collection":[{"href":"https:\/\/www.cfccp.net\/index.php\/wp-json\/wp\/v2\/posts"}],"about":[{"href":"https:\/\/www.cfccp.net\/index.php\/wp-json\/wp\/v2\/types\/post"}],"author":[{"embeddable":true,"href":"https:\/\/www.cfccp.net\/index.php\/wp-json\/wp\/v2\/users\/4"}],"replies":[{"embeddable":true,"href":"https:\/\/www.cfccp.net\/index.php\/wp-json\/wp\/v2\/comments?post=1542"}],"version-history":[{"count":4,"href":"https:\/\/www.cfccp.net\/index.php\/wp-json\/wp\/v2\/posts\/1542\/revisions"}],"predecessor-version":[{"id":1927,"href":"https:\/\/www.cfccp.net\/index.php\/wp-json\/wp\/v2\/posts\/1542\/revisions\/1927"}],"wp:featuredmedia":[{"embeddable":true,"href":"https:\/\/www.cfccp.net\/index.php\/wp-json\/wp\/v2\/media\/1545"}],"wp:attachment":[{"href":"https:\/\/www.cfccp.net\/index.php\/wp-json\/wp\/v2\/media?parent=1542"}],"wp:term":[{"taxonomy":"category","embeddable":true,"href":"https:\/\/www.cfccp.net\/index.php\/wp-json\/wp\/v2\/categories?post=1542"},{"taxonomy":"post_tag","embeddable":true,"href":"https:\/\/www.cfccp.net\/index.php\/wp-json\/wp\/v2\/tags?post=1542"}],"curies":[{"name":"wp","href":"https:\/\/api.w.org\/{rel}","templated":true}]}}