{"id":1503,"date":"2020-05-24T23:29:25","date_gmt":"2020-05-24T21:29:25","guid":{"rendered":"http:\/\/www.cfccp.net\/?p=1503"},"modified":"2020-06-23T22:19:56","modified_gmt":"2020-06-23T20:19:56","slug":"signes-de-reprise","status":"publish","type":"post","link":"https:\/\/www.cfccp.net\/index.php\/2020\/05\/24\/signes-de-reprise\/","title":{"rendered":"Signes de reprise"},"content":{"rendered":"\n<p><strong> Les collectionneurs vont pouvoir reprendre progressivement leur chasse aux objets et les marchands retrouver le contact avec les connaisseurs, chacun se pliant aux mesures de protection sanitaire. <\/strong><\/p>\n\n\n\n<p>A Paris, pour le deuxi\u00e8me week-end cons\u00e9cutif, on note la r\u00e9ouverture des puces de la Porte de Vanves et de Saint Ouen. De m\u00eame pour le March\u00e9 du livre de Paris, halle aux chevaux du parc Brassens, rue Brancion,  dans le 15\u00e8me. La mairie du 5\u00e8me a \u00e9quip\u00e9 de protections les bouquinistes de l&rsquo;arrondissement sur les quais de Seine (St Michel, Notre Dame).<\/p>\n\n\n\n<p>Nous avons appris \u00e9galement la r\u00e9ouverture du Mus\u00e9e de la carte postale de Baud (56) &#8211; Le Carton voyageur.<\/p>\n\n\n\n<p style=\"background-color:#16ff01\" class=\"has-background\"><strong>Les membres du groupe sont invit\u00e9s \u00e0 faire part des reprises dont nous n&rsquo;aurions pas eu connaissance, en particulier dans les zones dites \u00ab\u00a0vertes\u00a0\u00bb car on peut esp\u00e9rer que les limitations kilom\u00e9triques vont s&rsquo;estomper le 2 juin. <\/strong><\/p>\n","protected":false},"excerpt":{"rendered":"<p>Les collectionneurs vont pouvoir reprendre progressivement leur chasse aux objets et les marchands retrouver le contact avec les connaisseurs, chacun&hellip;<\/p>\n","protected":false},"author":4,"featured_media":1505,"comment_status":"closed","ping_status":"open","sticky":false,"template":"","format":"standard","meta":[],"categories":[1],"tags":[],"_links":{"self":[{"href":"https:\/\/www.cfccp.net\/index.php\/wp-json\/wp\/v2\/posts\/1503"}],"collection":[{"href":"https:\/\/www.cfccp.net\/index.php\/wp-json\/wp\/v2\/posts"}],"about":[{"href":"https:\/\/www.cfccp.net\/index.php\/wp-json\/wp\/v2\/types\/post"}],"author":[{"embeddable":true,"href":"https:\/\/www.cfccp.net\/index.php\/wp-json\/wp\/v2\/users\/4"}],"replies":[{"embeddable":true,"href":"https:\/\/www.cfccp.net\/index.php\/wp-json\/wp\/v2\/comments?post=1503"}],"version-history":[{"count":1,"href":"https:\/\/www.cfccp.net\/index.php\/wp-json\/wp\/v2\/posts\/1503\/revisions"}],"predecessor-version":[{"id":1504,"href":"https:\/\/www.cfccp.net\/index.php\/wp-json\/wp\/v2\/posts\/1503\/revisions\/1504"}],"wp:featuredmedia":[{"embeddable":true,"href":"https:\/\/www.cfccp.net\/index.php\/wp-json\/wp\/v2\/media\/1505"}],"wp:attachment":[{"href":"https:\/\/www.cfccp.net\/index.php\/wp-json\/wp\/v2\/media?parent=1503"}],"wp:term":[{"taxonomy":"category","embeddable":true,"href":"https:\/\/www.cfccp.net\/index.php\/wp-json\/wp\/v2\/categories?post=1503"},{"taxonomy":"post_tag","embeddable":true,"href":"https:\/\/www.cfccp.net\/index.php\/wp-json\/wp\/v2\/tags?post=1503"}],"curies":[{"name":"wp","href":"https:\/\/api.w.org\/{rel}","templated":true}]}}