{"id":1047,"date":"2020-02-02T22:11:29","date_gmt":"2020-02-02T21:11:29","guid":{"rendered":"http:\/\/www.cfccp.net\/?p=1047"},"modified":"2020-04-06T09:57:48","modified_gmt":"2020-04-06T07:57:48","slug":"reunion-de-fevrier","status":"publish","type":"post","link":"https:\/\/www.cfccp.net\/index.php\/2020\/02\/02\/reunion-de-fevrier\/","title":{"rendered":"R\u00e9union de f\u00e9vrier"},"content":{"rendered":"\n<p>Apr\u00e8s deux rendez-vous manqu\u00e9s, en d\u00e9cembre et janvier faute de transports, le CFCCP renoue avec ses r\u00e9unions avec dispersion de cartes postales. <\/p>\n\n\n\n<p style=\"color:#0a84b8\" class=\"has-text-color\"> <strong><a href=\"http:\/\/www.cfccp.net\/index.php\/reunions-dispersions\/panneau\/\">D\u00e9couvrez ici les lots qui ont \u00e9t\u00e9 propos\u00e9s<\/a><\/strong><strong><a href=\"http:\/\/www.cfccp.net\/index.php\/reunions-dispersions\/panneau\/\"> <\/a><\/strong><strong><a href=\"http:\/\/www.cfccp.net\/index.php\/reunions-dispersions\/panneau\/\">s<\/a><\/strong><strong><a href=\"http:\/\/www.cfccp.net\/index.php\/reunions-dispersions\/panneau\/\">u<\/a><\/strong><strong><a href=\"http:\/\/www.cfccp.net\/index.php\/reunions-dispersions\/panneau\/\">r<\/a><\/strong><strong><a href=\"http:\/\/www.cfccp.net\/index.php\/reunions-dispersions\/panneau\/\"> <\/a><\/strong><strong><a href=\"http:\/\/www.cfccp.net\/index.php\/reunions-dispersions\/panneau\/\">l<\/a><\/strong><strong><a href=\"http:\/\/www.cfccp.net\/index.php\/reunions-dispersions\/panneau\/\">e<\/a><\/strong><strong><a href=\"http:\/\/www.cfccp.net\/index.php\/reunions-dispersions\/panneau\/\"> \u00ab\u00a0<\/a><\/strong><strong><a href=\"http:\/\/www.cfccp.net\/index.php\/reunions-dispersions\/panneau\/\">P<\/a><\/strong><strong><a href=\"http:\/\/www.cfccp.net\/index.php\/reunions-dispersions\/panneau\/\">a<\/a><\/strong><strong><a href=\"http:\/\/www.cfccp.net\/index.php\/reunions-dispersions\/panneau\/\">n<\/a><\/strong><strong><a href=\"http:\/\/www.cfccp.net\/index.php\/reunions-dispersions\/panneau\/\">n<\/a><\/strong><strong><a href=\"http:\/\/www.cfccp.net\/index.php\/reunions-dispersions\/panneau\/\">e<\/a><\/strong><strong><a href=\"http:\/\/www.cfccp.net\/index.php\/reunions-dispersions\/panneau\/\">a<\/a><\/strong><strong><a href=\"http:\/\/www.cfccp.net\/index.php\/reunions-dispersions\/panneau\/\">u<\/a><\/strong><a href=\"http:\/\/www.cfccp.net\/index.php\/reunions-dispersions\/panneau\/\"><strong>\u00ab\u00a0<\/strong><\/a><a href=\"http:\/\/www.cfccp.net\/index.php\/reunions-dispersions\/panneau\/\"><strong>.<\/strong><\/a><\/p>\n\n\n\n<p style=\"background-color:#77ff61\" class=\"has-background\">Nous nous sommes retrouv\u00e9s le <strong>mardi 11 f\u00e9vrier<\/strong> \u00e0 partir de 18h aux Jardins de l&rsquo;Isly, 6 rue de l&rsquo;Isly, dans le quartier de Saint-Lazare. Voici quelques vues prises lors de la dispersion.<\/p>\n\n\n\n<figure class=\"wp-block-image\"><img loading=\"lazy\" width=\"960\" height=\"720\" src=\"http:\/\/www.cfccp.net\/wp-content\/uploads\/2020\/02\/moallard1-11-fev-2020.jpg\" alt=\"\" class=\"wp-image-1139\" srcset=\"https:\/\/www.cfccp.net\/wp-content\/uploads\/2020\/02\/moallard1-11-fev-2020.jpg 960w, https:\/\/www.cfccp.net\/wp-content\/uploads\/2020\/02\/moallard1-11-fev-2020-300x225.jpg 300w, https:\/\/www.cfccp.net\/wp-content\/uploads\/2020\/02\/moallard1-11-fev-2020-768x576.jpg 768w, https:\/\/www.cfccp.net\/wp-content\/uploads\/2020\/02\/moallard1-11-fev-2020-600x450.jpg 600w\" sizes=\"(max-width: 960px) 100vw, 960px\" \/><\/figure>\n\n\n\n<figure class=\"wp-block-image\"><img loading=\"lazy\" width=\"1024\" height=\"768\" src=\"http:\/\/www.cfccp.net\/wp-content\/uploads\/2020\/02\/mollard2-11fev2020-1024x768.jpg\" alt=\"\" class=\"wp-image-1140\" srcset=\"https:\/\/www.cfccp.net\/wp-content\/uploads\/2020\/02\/mollard2-11fev2020-1024x768.jpg 1024w, https:\/\/www.cfccp.net\/wp-content\/uploads\/2020\/02\/mollard2-11fev2020-300x225.jpg 300w, https:\/\/www.cfccp.net\/wp-content\/uploads\/2020\/02\/mollard2-11fev2020-768x576.jpg 768w, https:\/\/www.cfccp.net\/wp-content\/uploads\/2020\/02\/mollard2-11fev2020-1600x1200.jpg 1600w, https:\/\/www.cfccp.net\/wp-content\/uploads\/2020\/02\/mollard2-11fev2020-600x450.jpg 600w, https:\/\/www.cfccp.net\/wp-content\/uploads\/2020\/02\/mollard2-11fev2020.jpg 2040w\" sizes=\"(max-width: 1024px) 100vw, 1024px\" \/><figcaption>Notre \u00e9quipe m\u00e8ne les ench\u00e8res<\/figcaption><\/figure>\n","protected":false},"excerpt":{"rendered":"<p>Apr\u00e8s deux rendez-vous manqu\u00e9s, en d\u00e9cembre et janvier faute de transports, le CFCCP renoue avec ses r\u00e9unions avec dispersion de&hellip;<\/p>\n","protected":false},"author":4,"featured_media":1139,"comment_status":"open","ping_status":"open","sticky":false,"template":"","format":"standard","meta":[],"categories":[1],"tags":[],"_links":{"self":[{"href":"https:\/\/www.cfccp.net\/index.php\/wp-json\/wp\/v2\/posts\/1047"}],"collection":[{"href":"https:\/\/www.cfccp.net\/index.php\/wp-json\/wp\/v2\/posts"}],"about":[{"href":"https:\/\/www.cfccp.net\/index.php\/wp-json\/wp\/v2\/types\/post"}],"author":[{"embeddable":true,"href":"https:\/\/www.cfccp.net\/index.php\/wp-json\/wp\/v2\/users\/4"}],"replies":[{"embeddable":true,"href":"https:\/\/www.cfccp.net\/index.php\/wp-json\/wp\/v2\/comments?post=1047"}],"version-history":[{"count":4,"href":"https:\/\/www.cfccp.net\/index.php\/wp-json\/wp\/v2\/posts\/1047\/revisions"}],"predecessor-version":[{"id":1141,"href":"https:\/\/www.cfccp.net\/index.php\/wp-json\/wp\/v2\/posts\/1047\/revisions\/1141"}],"wp:featuredmedia":[{"embeddable":true,"href":"https:\/\/www.cfccp.net\/index.php\/wp-json\/wp\/v2\/media\/1139"}],"wp:attachment":[{"href":"https:\/\/www.cfccp.net\/index.php\/wp-json\/wp\/v2\/media?parent=1047"}],"wp:term":[{"taxonomy":"category","embeddable":true,"href":"https:\/\/www.cfccp.net\/index.php\/wp-json\/wp\/v2\/categories?post=1047"},{"taxonomy":"post_tag","embeddable":true,"href":"https:\/\/www.cfccp.net\/index.php\/wp-json\/wp\/v2\/tags?post=1047"}],"curies":[{"name":"wp","href":"https:\/\/api.w.org\/{rel}","templated":true}]}}